[{"@context":"https:\/\/schema.org\/","@type":"Article","@id":"https:\/\/www.sanelo.cz\/chcete-usetrit-na-sviceni\/#Article","mainEntityOfPage":"https:\/\/www.sanelo.cz\/chcete-usetrit-na-sviceni\/","headline":"Chcete u\u0161et\u0159it na sv\u00edcen\u00ed?","name":"Chcete u\u0161et\u0159it na sv\u00edcen\u00ed?","description":"Pokud v\u00e1m vad\u00ed, kolik ro\u010dn\u011b zaplat\u00edte za osv\u011btlen\u00ed va\u0161eho bytu \u010di domu, m\u011bli byste se pod\u00edvat po alternativn\u00ed mo\u017enosti, jak sv\u00edtit. Takov\u00e1 mo\u017enost je v\u00e1m k dispozici, kdy\u017e za\u010dnete v ka\u017ed\u00e9 m\u00edstnosti sv\u00edtit LED \u017e\u00e1rovkou. Nejenom, \u017ee u\u0161et\u0159\u00edte tis\u00edce, ale ud\u011bl\u00e1te n\u011bco pro sv\u016fj d\u016fm, proto\u017ee mu d\u00e1te velice kvalitn\u00ed sv\u011btlo, kter\u00e9 vydr\u017e\u00ed dlouho a [&hellip;]","datePublished":"2024-12-17","dateModified":"2024-12-17","author":{"@type":"Person","@id":"https:\/\/www.sanelo.cz\/author\/#Person","name":"sanelo.cz\n","url":"https:\/\/www.sanelo.cz\/author\/","identifier":1,"image":{"@type":"ImageObject","@id":"https:\/\/secure.gravatar.com\/avatar\/014a645f9f16d49aceddb25e316448c724bd78e7db0ee7a34c29417d5ca39ef1?s=96&d=mm&r=g","url":"https:\/\/secure.gravatar.com\/avatar\/014a645f9f16d49aceddb25e316448c724bd78e7db0ee7a34c29417d5ca39ef1?s=96&d=mm&r=g","height":96,"width":96}},"publisher":{"@type":"Organization","name":"sanelo.cz","logo":{"@type":"ImageObject","@id":"\/logo.png","url":"\/logo.png","width":600,"height":60}},"url":"https:\/\/www.sanelo.cz\/chcete-usetrit-na-sviceni\/","wordCount":209,"articleBody":"Pokud v\u00e1m vad\u00ed, kolik ro\u010dn\u011b zaplat\u00edte za osv\u011btlen\u00ed va\u0161eho bytu \u010di domu, m\u011bli byste se pod\u00edvat po alternativn\u00ed mo\u017enosti, jak sv\u00edtit. Takov\u00e1 mo\u017enost je v\u00e1m k dispozici, kdy\u017e za\u010dnete v ka\u017ed\u00e9 m\u00edstnosti sv\u00edtit LED \u017e\u00e1rovkou. Nejenom, \u017ee u\u0161et\u0159\u00edte tis\u00edce, ale ud\u011bl\u00e1te n\u011bco pro sv\u016fj d\u016fm, proto\u017ee mu d\u00e1te velice kvalitn\u00ed sv\u011btlo, kter\u00e9 vydr\u017e\u00ed dlouho a je levn\u00e9. Proto zkuste vyu\u017e\u00edt na\u0161i nab\u00eddku a t\u0159eba jen na zkou\u0161ku si po\u0159\u00eddit n\u011bjak\u00fd n\u00e1\u0161 produkt a d\u00e1t ho do sv\u00fdch lamp.Uvid\u00edte, \u017ee se to vyplat\u00edNevad\u00ed, \u017ee m\u00e1te po\u0159\u00e1d ty star\u00e9, klasick\u00e9 \u017e\u00e1rovky. D\u00edky n\u00e1m si m\u016f\u017eete po\u0159\u00eddit tyto nov\u00e9, a to bez kter\u00e9hokoliv probl\u00e9mu. Jsme v\u00e1m k dispozici a s t\u00edm i na\u0161e nab\u00eddka, kter\u00e1 je skv\u011bl\u00e1 pro v\u0161echny ty, kte\u0159\u00ed cht\u011bj\u00ed u\u0161et\u0159it, ale i pro ty, kte\u0159\u00ed cht\u011bj\u00ed ud\u011blat n\u011bco pro sebe. Nemus\u00ed se to zd\u00e1t, ale takov\u00e1 tis\u00edcovka ka\u017ed\u00fd rok, to se bude hodit do pen\u011b\u017eenky.                                                                                                                                                                                                                                                                                                                                                                                        4.5\/5 - (2 votes)        "},{"@context":"https:\/\/schema.org\/","@type":"BreadcrumbList","itemListElement":[{"@type":"ListItem","position":1,"name":"Chcete u\u0161et\u0159it na sv\u00edcen\u00ed?","item":"https:\/\/www.sanelo.cz\/chcete-usetrit-na-sviceni\/#breadcrumbitem"}]}]