[{"@context":"https:\/\/schema.org\/","@type":"Article","@id":"https:\/\/www.sanelo.cz\/muzi-a-jejich-hracky\/#Article","mainEntityOfPage":"https:\/\/www.sanelo.cz\/muzi-a-jejich-hracky\/","headline":"Mu\u017ei a jejich hra\u010dky","name":"Mu\u017ei a jejich hra\u010dky","description":"Tak p\u0159esn\u011b takov\u00e9ho mu\u017ee m\u00e1m doma. Je to chlap jako ka\u017ed\u00fd jin\u00fd, chod\u00ed do pr\u00e1ce, star\u00e1 se o n\u00e1s, sna\u017e\u00ed se pro m\u011b a dceru ud\u011blat maximum. Ale jakmile j\u00e1 nebo mal\u00e1 vezmeme do ruky n\u011bkterou z jeho \u201chra\u010dek\u201c, m\u00edsto toho hodn\u00e9ho mu\u017ee a t\u00e1ty, se objev\u00ed nosoro\u017eec. Tolik k\u0159ikunesly\u0161\u00edm od n\u011bho po cel\u00fd rok. [&hellip;]","datePublished":"2019-06-12","dateModified":"2023-04-28","author":{"@type":"Person","@id":"https:\/\/www.sanelo.cz\/author\/#Person","name":"sanelo.cz\n","url":"https:\/\/www.sanelo.cz\/author\/","identifier":1,"image":{"@type":"ImageObject","@id":"https:\/\/secure.gravatar.com\/avatar\/014a645f9f16d49aceddb25e316448c724bd78e7db0ee7a34c29417d5ca39ef1?s=96&d=mm&r=g","url":"https:\/\/secure.gravatar.com\/avatar\/014a645f9f16d49aceddb25e316448c724bd78e7db0ee7a34c29417d5ca39ef1?s=96&d=mm&r=g","height":96,"width":96}},"publisher":{"@type":"Organization","name":"sanelo.cz","logo":{"@type":"ImageObject","@id":"\/logo.png","url":"\/logo.png","width":600,"height":60}},"image":{"@type":"ImageObject","@id":"https:\/\/www.sanelo.cz\/wp-content\/uploads\/img_a348521_w1772_t1563394532.jpg","url":"https:\/\/www.sanelo.cz\/wp-content\/uploads\/img_a348521_w1772_t1563394532.jpg","height":0,"width":0},"url":"https:\/\/www.sanelo.cz\/muzi-a-jejich-hracky\/","about":["Mu\u017ei"],"wordCount":442,"articleBody":"Tak p\u0159esn\u011b takov\u00e9ho mu\u017ee m\u00e1m doma. Je to chlap jako ka\u017ed\u00fd jin\u00fd, chod\u00ed do pr\u00e1ce, star\u00e1 se o n\u00e1s, sna\u017e\u00ed se pro m\u011b a dceru ud\u011blat maximum. Ale jakmile j\u00e1 nebo mal\u00e1 vezmeme do ruky n\u011bkterou z jeho \u201chra\u010dek\u201c, m\u00edsto toho hodn\u00e9ho mu\u017ee a t\u00e1ty, se objev\u00ed nosoro\u017eec. Tolik k\u0159ikunesly\u0161\u00edm od n\u011bho po cel\u00fd rok. Nejde jen o n\u00e1\u0159ad\u00ed, ale p\u0159ev\u00e1\u017en\u011b o jeho star\u00e9 motorky.\t\u00a0\tNe, \u017ee bych byla \u00fapln\u011b blb\u00e1, co se t\u00fdk\u00e1 aut a motorek, ale popravd\u011b, ani nev\u00edm, co vlastn\u011b za motorky m\u00e1. Dok\u00e1\u017ee si sehnat \u0161rot tak akor\u00e1t do sb\u011brny, rozebrat ho do \u0161roubku, vy\u010distit, opravit, slo\u017eit, a ono to dokonce jezd\u00ed. V tu chv\u00edli si p\u0159ipad\u00e1m jako d\u011bln\u00edk n\u011bkde v autod\u00edln\u011b, podej, p\u0159ines, podr\u017e, polo\u017e to, ne\u0161ahej na to, rozbije\u0161 to. Tu pod\u00e1v\u00e1m \u0161roubek, tu \u0161roubov\u00e1k, n\u00e1dobu s olejem, technick\u00fdm benz\u00ednem a j\u00e1 nev\u00edm s \u010d\u00edm mo\u017en\u00fdm.\t\u00a0\tKdy\u017e u\u017e je to rozebran\u00e9 do \u0161roubku a vy\u010di\u0161t\u011bn\u00e9, to p\u0159ijde na \u0159adu m\u016fj \u010das. Sednu si k internetu, najdu podobn\u00e9 \u201cvraky\u201c a kouk\u00e1m se po barv\u00e1ch. Zaj\u00edm\u00e1 m\u011b, jak kter\u00e1 barva spolu lad\u00ed, Kter\u00e1 na nich vypad\u00e1 doopravdy blb\u011b, a skl\u00e1d\u00e1m na\u0161i kone\u010dnou barevnou variaci. Po zhl\u00e9dnut\u00ed nes\u010detn\u00fdch motorek, grafick\u00e9m n\u00e1vrhu a ru\u010dn\u00edmu n\u00e1\u010drtu vyberu na internetu odst\u00edny, kter\u00e9 bych si tam p\u0159edstavovala a jdu sv\u016fj v\u00fdtvor uk\u00e1zat na\u0161emu kutilovi. V\u011bt\u0161inou souhlas\u00ed. I kdy\u017e je pravda, \u017ee na jednu babetu cht\u011bl \u010dervenou a \u010dernou. Ale takovou cihlov\u011b \u010dervenou. No to bylo n\u011bco na m\u011b. Jako design\u00e9rka jsem samoz\u0159ejm\u011b nesouhlasila. Takov\u00e1 hrozn\u00e1 barva, asi mu hodili v\u00a0pr\u00e1ci na hlavu traverzu. Nakonec jsme jeli do Olomouce do prodejny barev a lak\u016f, abych mu uk\u00e1zala, co jsem p\u0159esn\u011b m\u011bla na mysli. S\u00e1m uznal, \u017ee moje barevn\u00e1 kombinace je mnohem lep\u0161\u00ed ne\u017e ta jeho. Tak\u017ee babeta je nast\u0159\u00edkan\u00e1 \u010dernou a hn\u011bdo-\u010dervenou barvou. Mus\u00edm uznat, \u017ee v kone\u010dn\u00e9m v\u00fdsledku by mne nenapadlo, \u017ee z vraku, kter\u00fd tak tak st\u00e1l, bude takov\u00e9 \u017eihadlo.\t\u00a0\tJi\u017e te\u010f se na ni pokou\u0161\u00ed m\u00e1 7 let\u00e1 dcera jezdit a j\u00e1 jen trnu, kdy skon\u010d\u00ed na \u0161t\u011brku nebo v p\u0159\u00edkop\u011b.\t\u00a0\tJak\u00fd otec, takov\u00e1 dcera. Ti dva jsou v tady tom podobni jako vejce vejci.                                                                                                                                                                                                                                                                                                                                                                                        4.7\/5 - (3 votes)        "},{"@context":"https:\/\/schema.org\/","@type":"BreadcrumbList","itemListElement":[{"@type":"ListItem","position":1,"name":"Mu\u017ei a jejich hra\u010dky","item":"https:\/\/www.sanelo.cz\/muzi-a-jejich-hracky\/#breadcrumbitem"}]}]