[{"@context":"https:\/\/schema.org\/","@type":"Article","@id":"https:\/\/www.sanelo.cz\/nalezite-se-na-svuj-den-pripravit\/#Article","mainEntityOfPage":"https:\/\/www.sanelo.cz\/nalezite-se-na-svuj-den-pripravit\/","headline":"N\u00e1le\u017eit\u011b se na sv\u016fj den p\u0159ipravit","name":"N\u00e1le\u017eit\u011b se na sv\u016fj den p\u0159ipravit","description":"Zamotal v\u00e1m jist\u00fd mu\u017e hlavu natolik, \u017ee jste souhlasili s jeho nab\u00eddkou \u017e\u00e1dosti o va\u0161i ruku? Te\u010f v\u00e1s \u010dekaj\u00ed p\u0159\u00edjemn\u00e9 chv\u00edle s p\u0159\u00edpravou v\u0161ech n\u00e1le\u017eitost\u00ed, dle \u010desk\u00fdch zvyklost\u00ed a tradic. V prvn\u00ed \u0159ad\u011b ur\u010dit\u011b nav\u0161t\u00edv\u00edte, jako nast\u00e1vaj\u00edc\u00ed nev\u011bsta, p\u016fj\u010dovnu svatebn\u00edch \u0161at\u016f. U\u017e jen p\u0159i zkou\u0161en\u00ed si budete u\u017e\u00edvat svoje chv\u00edle sl\u00e1vy a pozornosti a c\u00edtit [&hellip;]","datePublished":"2023-09-25","dateModified":"2023-09-25","author":{"@type":"Person","@id":"https:\/\/www.sanelo.cz\/author\/#Person","name":"sanelo.cz\n","url":"https:\/\/www.sanelo.cz\/author\/","identifier":1,"image":{"@type":"ImageObject","@id":"https:\/\/secure.gravatar.com\/avatar\/014a645f9f16d49aceddb25e316448c724bd78e7db0ee7a34c29417d5ca39ef1?s=96&d=mm&r=g","url":"https:\/\/secure.gravatar.com\/avatar\/014a645f9f16d49aceddb25e316448c724bd78e7db0ee7a34c29417d5ca39ef1?s=96&d=mm&r=g","height":96,"width":96}},"publisher":{"@type":"Organization","name":"sanelo.cz","logo":{"@type":"ImageObject","@id":"\/logo.png","url":"\/logo.png","width":600,"height":60}},"url":"https:\/\/www.sanelo.cz\/nalezite-se-na-svuj-den-pripravit\/","wordCount":247,"articleBody":"Zamotal v\u00e1m jist\u00fd mu\u017e hlavu natolik, \u017ee jste souhlasili s jeho nab\u00eddkou \u017e\u00e1dosti o va\u0161i ruku? Te\u010f v\u00e1s \u010dekaj\u00ed p\u0159\u00edjemn\u00e9 chv\u00edle s p\u0159\u00edpravou v\u0161ech n\u00e1le\u017eitost\u00ed, dle \u010desk\u00fdch zvyklost\u00ed a tradic. V prvn\u00ed \u0159ad\u011b ur\u010dit\u011b nav\u0161t\u00edv\u00edte, jako nast\u00e1vaj\u00edc\u00ed nev\u011bsta, p\u016fj\u010dovnu svatebn\u00edch \u0161at\u016f. U\u017e jen p\u0159i zkou\u0161en\u00ed si budete u\u017e\u00edvat svoje chv\u00edle sl\u00e1vy a pozornosti a c\u00edtit se kr\u00e1sn\u00e1. D\u00edky \u00fa\u017easn\u00fdm variant\u00e1m m\u00e1te mo\u017enost prob\u00edrat se mno\u017estv\u00edm n\u00e1dhern\u00fdch model\u016f, kter\u00e9 v\u00e1m v lesku z\u00e1\u0159iv\u00e9 b\u00edl\u00e9 budou p\u0159ipadat n\u00e1dhern\u00e9 v\u0161echny. Ale vybrat si mus\u00edte pouze jedny, ve kter\u00fdch str\u00e1v\u00edte slavnostn\u00ed den slibu man\u017eelsk\u00e9ho.Zv\u00fdrazn\u011bte svoji \u017eenskost i k\u0159ehkostP\u0159i v\u00fdb\u011bru svatebn\u00edch \u0161at\u016f je \u00fapln\u011b jedno, jestli jste \u0161t\u00edhl\u00e1 nebo plno\u0161t\u00edhl\u00e1. Pro ka\u017ed\u00fd typ \u017eeny se najde model, kter\u00fd zv\u00fdrazn\u00ed jej\u00ed p\u0159ednosti, a ve kter\u00fdch bude vypadat kr\u00e1sn\u011b. U\u017e jen to, \u017ee budete v n\u00e1dhern\u00e9 b\u00edl\u00e9, z v\u00e1s bude d\u011blat v\u00fdjime\u010dnou a naprosto k\u0159ehkou bytost, kter\u00e1 je jedine\u010dn\u00e1 v ka\u017ed\u00e9m sm\u011bru a zaslou\u017e\u00ed si obdiv. K tomu elegantn\u00ed \u00fa\u010des a jednoduch\u00e9 l\u00ed\u010den\u00ed a bude z v\u00e1s dokonal\u00e1 nev\u011bsta i \u017eena.                                                                                                                                                                                                                                                                                                                                                                                        4.7\/5 - (4 votes)        "},{"@context":"https:\/\/schema.org\/","@type":"BreadcrumbList","itemListElement":[{"@type":"ListItem","position":1,"name":"N\u00e1le\u017eit\u011b se na sv\u016fj den p\u0159ipravit","item":"https:\/\/www.sanelo.cz\/nalezite-se-na-svuj-den-pripravit\/#breadcrumbitem"}]}]