[{"@context":"https:\/\/schema.org\/","@type":"Blog","@id":"https:\/\/www.sanelo.cz#Blog","headline":"Sanelo","description":"\nInternetov\u00fd magaz\u00edn, kter\u00fd v\u00e1m p\u0159in\u00e1\u0161\u00ed jedine\u010dn\u00e9 zpr\u00e1vy z nejr\u016fzn\u011bj\u0161\u00edch kout\u016f sv\u011bta, ale tak\u00e9 z na\u0161ich region\u016f. Nab\u00edz\u00ed se unik\u00e1tn\u00ed \u010dl\u00e1nky z rubrik kultura, sport, hobby, d\u016fm a zahrada, ale tak\u00e9 mnoh\u00e9 dal\u0161\u00ed.","url":"https:\/\/www.sanelo.cz","hasPart":[{"@type":"Article","@id":"https:\/\/www.sanelo.cz\/jake-bude-vase-svatebni-oznameni\/","headline":"Jak\u00e9 bude va\u0161e svatebn\u00ed ozn\u00e1men\u00ed?","url":"https:\/\/www.sanelo.cz\/jake-bude-vase-svatebni-oznameni\/","datePublished":"2023-11-04","dateModified":"2023-11-04","mainEntityOfPage":"https:\/\/www.sanelo.cz\/jake-bude-vase-svatebni-oznameni\/","author":{"@type":"Person","@id":"https:\/\/www.sanelo.cz\/author\/#Person","name":"sanelo.cz\n","url":"https:\/\/www.sanelo.cz\/author\/","identifier":1,"image":{"@type":"ImageObject","@id":"https:\/\/secure.gravatar.com\/avatar\/014a645f9f16d49aceddb25e316448c724bd78e7db0ee7a34c29417d5ca39ef1?s=96&d=mm&r=g","url":"https:\/\/secure.gravatar.com\/avatar\/014a645f9f16d49aceddb25e316448c724bd78e7db0ee7a34c29417d5ca39ef1?s=96&d=mm&r=g","height":96,"width":96}},"publisher":{"@type":"Organization","name":"sanelo.cz","logo":{"@type":"ImageObject","@id":"\/logo.png","url":"\/logo.png","width":600,"height":60}},"image":null,"wordCount":274,"keywords":null},{"@type":"Article","@id":"https:\/\/www.sanelo.cz\/adventni-cas-je-komplikovany\/","headline":"Adventn\u00ed \u010das je komplikovan\u00fd","url":"https:\/\/www.sanelo.cz\/adventni-cas-je-komplikovany\/","datePublished":"2023-09-27","dateModified":"2023-09-27","mainEntityOfPage":"https:\/\/www.sanelo.cz\/adventni-cas-je-komplikovany\/","author":{"@type":"Person","@id":"https:\/\/www.sanelo.cz\/author\/#Person","name":"sanelo.cz\n","url":"https:\/\/www.sanelo.cz\/author\/","identifier":1,"image":{"@type":"ImageObject","@id":"https:\/\/secure.gravatar.com\/avatar\/014a645f9f16d49aceddb25e316448c724bd78e7db0ee7a34c29417d5ca39ef1?s=96&d=mm&r=g","url":"https:\/\/secure.gravatar.com\/avatar\/014a645f9f16d49aceddb25e316448c724bd78e7db0ee7a34c29417d5ca39ef1?s=96&d=mm&r=g","height":96,"width":96}},"publisher":{"@type":"Organization","name":"sanelo.cz","logo":{"@type":"ImageObject","@id":"\/logo.png","url":"\/logo.png","width":600,"height":60}},"image":null,"wordCount":478,"keywords":null},{"@type":"Article","@id":"https:\/\/www.sanelo.cz\/nalezite-se-na-svuj-den-pripravit\/","headline":"N\u00e1le\u017eit\u011b se na sv\u016fj den p\u0159ipravit","url":"https:\/\/www.sanelo.cz\/nalezite-se-na-svuj-den-pripravit\/","datePublished":"2023-09-25","dateModified":"2023-09-25","mainEntityOfPage":"https:\/\/www.sanelo.cz\/nalezite-se-na-svuj-den-pripravit\/","author":{"@type":"Person","@id":"https:\/\/www.sanelo.cz\/author\/#Person","name":"sanelo.cz\n","url":"https:\/\/www.sanelo.cz\/author\/","identifier":1,"image":{"@type":"ImageObject","@id":"https:\/\/secure.gravatar.com\/avatar\/014a645f9f16d49aceddb25e316448c724bd78e7db0ee7a34c29417d5ca39ef1?s=96&d=mm&r=g","url":"https:\/\/secure.gravatar.com\/avatar\/014a645f9f16d49aceddb25e316448c724bd78e7db0ee7a34c29417d5ca39ef1?s=96&d=mm&r=g","height":96,"width":96}},"publisher":{"@type":"Organization","name":"sanelo.cz","logo":{"@type":"ImageObject","@id":"\/logo.png","url":"\/logo.png","width":600,"height":60}},"image":null,"wordCount":285,"keywords":null},{"@type":"Article","@id":"https:\/\/www.sanelo.cz\/jake-vsechny-predmety-muzete-pouzit-k-reklamnim-ucelum\/","headline":"Jak\u00e9 v\u0161echny p\u0159edm\u011bty m\u016f\u017eete pou\u017e\u00edt k reklamn\u00edm \u00fa\u010del\u016fm?","url":"https:\/\/www.sanelo.cz\/jake-vsechny-predmety-muzete-pouzit-k-reklamnim-ucelum\/","datePublished":"2023-09-12","dateModified":"2023-10-13","mainEntityOfPage":"https:\/\/www.sanelo.cz\/jake-vsechny-predmety-muzete-pouzit-k-reklamnim-ucelum\/","author":{"@type":"Person","@id":"https:\/\/www.sanelo.cz\/author\/#Person","name":"sanelo.cz\n","url":"https:\/\/www.sanelo.cz\/author\/","identifier":1,"image":{"@type":"ImageObject","@id":"https:\/\/secure.gravatar.com\/avatar\/014a645f9f16d49aceddb25e316448c724bd78e7db0ee7a34c29417d5ca39ef1?s=96&d=mm&r=g","url":"https:\/\/secure.gravatar.com\/avatar\/014a645f9f16d49aceddb25e316448c724bd78e7db0ee7a34c29417d5ca39ef1?s=96&d=mm&r=g","height":96,"width":96}},"publisher":{"@type":"Organization","name":"sanelo.cz","logo":{"@type":"ImageObject","@id":"\/logo.png","url":"\/logo.png","width":600,"height":60}},"image":{"@type":"ImageObject","@id":"https:\/\/www.sanelo.cz\/wp-content\/uploads\/wine-2789265_640.jpg","url":"https:\/\/www.sanelo.cz\/wp-content\/uploads\/wine-2789265_640.jpg","height":0,"width":0},"wordCount":661,"keywords":null},{"@type":"Article","@id":"https:\/\/www.sanelo.cz\/bezchybna-odborna-instalace\/","headline":"Bezchybn\u00e1 odborn\u00e1 instalace","url":"https:\/\/www.sanelo.cz\/bezchybna-odborna-instalace\/","datePublished":"2023-08-18","dateModified":"2023-08-18","mainEntityOfPage":"https:\/\/www.sanelo.cz\/bezchybna-odborna-instalace\/","author":{"@type":"Person","@id":"https:\/\/www.sanelo.cz\/author\/#Person","name":"sanelo.cz\n","url":"https:\/\/www.sanelo.cz\/author\/","identifier":1,"image":{"@type":"ImageObject","@id":"https:\/\/secure.gravatar.com\/avatar\/014a645f9f16d49aceddb25e316448c724bd78e7db0ee7a34c29417d5ca39ef1?s=96&d=mm&r=g","url":"https:\/\/secure.gravatar.com\/avatar\/014a645f9f16d49aceddb25e316448c724bd78e7db0ee7a34c29417d5ca39ef1?s=96&d=mm&r=g","height":96,"width":96}},"publisher":{"@type":"Organization","name":"sanelo.cz","logo":{"@type":"ImageObject","@id":"\/logo.png","url":"\/logo.png","width":600,"height":60}},"image":null,"wordCount":282,"keywords":null},{"@type":"Article","@id":"https:\/\/www.sanelo.cz\/budovani-vlastni-znacky\/","headline":"Budov\u00e1n\u00ed vlastn\u00ed zna\u010dky","url":"https:\/\/www.sanelo.cz\/budovani-vlastni-znacky\/","datePublished":"2023-08-14","dateModified":"2023-08-14","mainEntityOfPage":"https:\/\/www.sanelo.cz\/budovani-vlastni-znacky\/","author":{"@type":"Person","@id":"https:\/\/www.sanelo.cz\/author\/#Person","name":"sanelo.cz\n","url":"https:\/\/www.sanelo.cz\/author\/","identifier":1,"image":{"@type":"ImageObject","@id":"https:\/\/secure.gravatar.com\/avatar\/014a645f9f16d49aceddb25e316448c724bd78e7db0ee7a34c29417d5ca39ef1?s=96&d=mm&r=g","url":"https:\/\/secure.gravatar.com\/avatar\/014a645f9f16d49aceddb25e316448c724bd78e7db0ee7a34c29417d5ca39ef1?s=96&d=mm&r=g","height":96,"width":96}},"publisher":{"@type":"Organization","name":"sanelo.cz","logo":{"@type":"ImageObject","@id":"\/logo.png","url":"\/logo.png","width":600,"height":60}},"image":{"@type":"ImageObject","@id":"https:\/\/www.sanelo.cz\/wp-content\/uploads\/pexels-izabella-%C3%A1rvai-988952.jpg","url":"https:\/\/www.sanelo.cz\/wp-content\/uploads\/pexels-izabella-%C3%A1rvai-988952.jpg","height":0,"width":0},"wordCount":670,"keywords":null},{"@type":"Article","@id":"https:\/\/www.sanelo.cz\/mit-sve-telo-rad\/","headline":"M\u00edt sv\u00e9 t\u011blo r\u00e1d","url":"https:\/\/www.sanelo.cz\/mit-sve-telo-rad\/","datePublished":"2023-07-27","dateModified":"2023-07-27","mainEntityOfPage":"https:\/\/www.sanelo.cz\/mit-sve-telo-rad\/","author":{"@type":"Person","@id":"https:\/\/www.sanelo.cz\/author\/#Person","name":"sanelo.cz\n","url":"https:\/\/www.sanelo.cz\/author\/","identifier":1,"image":{"@type":"ImageObject","@id":"https:\/\/secure.gravatar.com\/avatar\/014a645f9f16d49aceddb25e316448c724bd78e7db0ee7a34c29417d5ca39ef1?s=96&d=mm&r=g","url":"https:\/\/secure.gravatar.com\/avatar\/014a645f9f16d49aceddb25e316448c724bd78e7db0ee7a34c29417d5ca39ef1?s=96&d=mm&r=g","height":96,"width":96}},"publisher":{"@type":"Organization","name":"sanelo.cz","logo":{"@type":"ImageObject","@id":"\/logo.png","url":"\/logo.png","width":600,"height":60}},"image":null,"wordCount":467,"keywords":null},{"@type":"Article","@id":"https:\/\/www.sanelo.cz\/damske-obleceni-ruznych-rozmeru-a-odstinu-ceka-prave-na-vas\/","headline":"D\u00e1msk\u00e9 oble\u010den\u00ed r\u016fzn\u00fdch rozm\u011br\u016f a odst\u00edn\u016f \u010dek\u00e1 pr\u00e1v\u011b na v\u00e1s","url":"https:\/\/www.sanelo.cz\/damske-obleceni-ruznych-rozmeru-a-odstinu-ceka-prave-na-vas\/","datePublished":"2023-07-11","dateModified":"2023-07-11","mainEntityOfPage":"https:\/\/www.sanelo.cz\/damske-obleceni-ruznych-rozmeru-a-odstinu-ceka-prave-na-vas\/","author":{"@type":"Person","@id":"https:\/\/www.sanelo.cz\/author\/#Person","name":"sanelo.cz\n","url":"https:\/\/www.sanelo.cz\/author\/","identifier":1,"image":{"@type":"ImageObject","@id":"https:\/\/secure.gravatar.com\/avatar\/014a645f9f16d49aceddb25e316448c724bd78e7db0ee7a34c29417d5ca39ef1?s=96&d=mm&r=g","url":"https:\/\/secure.gravatar.com\/avatar\/014a645f9f16d49aceddb25e316448c724bd78e7db0ee7a34c29417d5ca39ef1?s=96&d=mm&r=g","height":96,"width":96}},"publisher":{"@type":"Organization","name":"sanelo.cz","logo":{"@type":"ImageObject","@id":"\/logo.png","url":"\/logo.png","width":600,"height":60}},"image":null,"wordCount":277,"keywords":null},{"@type":"Article","@id":"https:\/\/www.sanelo.cz\/proti-ztrate-erekce-pomahaji-i-masaze-a-erotogenni-zony\/","headline":"Proti ztr\u00e1t\u011b erekce pom\u00e1haj\u00ed i mas\u00e1\u017ee a erotogenn\u00ed z\u00f3ny","url":"https:\/\/www.sanelo.cz\/proti-ztrate-erekce-pomahaji-i-masaze-a-erotogenni-zony\/","datePublished":"2023-06-20","dateModified":"2023-07-21","mainEntityOfPage":"https:\/\/www.sanelo.cz\/proti-ztrate-erekce-pomahaji-i-masaze-a-erotogenni-zony\/","author":{"@type":"Person","@id":"https:\/\/www.sanelo.cz\/author\/#Person","name":"sanelo.cz\n","url":"https:\/\/www.sanelo.cz\/author\/","identifier":1,"image":{"@type":"ImageObject","@id":"https:\/\/secure.gravatar.com\/avatar\/014a645f9f16d49aceddb25e316448c724bd78e7db0ee7a34c29417d5ca39ef1?s=96&d=mm&r=g","url":"https:\/\/secure.gravatar.com\/avatar\/014a645f9f16d49aceddb25e316448c724bd78e7db0ee7a34c29417d5ca39ef1?s=96&d=mm&r=g","height":96,"width":96}},"publisher":{"@type":"Organization","name":"sanelo.cz","logo":{"@type":"ImageObject","@id":"\/logo.png","url":"\/logo.png","width":600,"height":60}},"image":{"@type":"ImageObject","@id":"https:\/\/www.sanelo.cz\/wp-content\/uploads\/woman-3530669_640.jpg","url":"https:\/\/www.sanelo.cz\/wp-content\/uploads\/woman-3530669_640.jpg","height":0,"width":0},"wordCount":481,"keywords":null}]},{"@context":"https:\/\/schema.org","@type":"WebSite","@id":"https:\/\/www.sanelo.cz\/#website","name":"Sanelo","url":"https:\/\/www.sanelo.cz","potentialAction":{"@type":"SearchAction","target":"https:\/\/www.sanelo.cz\/?s={search_term_string}","query-input":"required name=search_term_string"}}]