[{"@context":"https:\/\/schema.org\/","@type":"Article","@id":"https:\/\/www.sanelo.cz\/vyberte-si-tazne-pro-vuz-skoda-fabia\/#Article","mainEntityOfPage":"https:\/\/www.sanelo.cz\/vyberte-si-tazne-pro-vuz-skoda-fabia\/","headline":"Vyberte si ta\u017en\u00e9 pro v\u016fz \u0160koda Fabia","name":"Vyberte si ta\u017en\u00e9 pro v\u016fz \u0160koda Fabia","description":"Vozy zna\u010dky \u0160koda jsou v \u010cesk\u00e9 republice velmi obl\u00edben\u00e9. Je to naprosto logick\u00e9, kdy\u017e se v t\u00e9to zemi vyr\u00e1b\u00ed. Krom\u011b modelu Octavia nab\u00edz\u00ed \u0160koda mnoho dal\u0161\u00edch model\u016f, kter\u00e9 dok\u00e1\u017eou zaujmout, jako je i model Fabia. A\u010dkoliv v sou\u010dasn\u00e9 dob\u011b se dost\u00e1v\u00e1 na trh ji\u017e \u010dtvrt\u00e1 generace, st\u00e1le mnoho lid\u00ed jezd\u00ed je\u0161t\u011b ve druh\u00e9, p\u0159\u00edpadn\u011b je\u0161t\u011b [&hellip;]","datePublished":"2019-07-26","dateModified":"2023-04-28","author":{"@type":"Person","@id":"https:\/\/www.sanelo.cz\/author\/#Person","name":"sanelo.cz\n","url":"https:\/\/www.sanelo.cz\/author\/","identifier":1,"image":{"@type":"ImageObject","@id":"https:\/\/secure.gravatar.com\/avatar\/014a645f9f16d49aceddb25e316448c724bd78e7db0ee7a34c29417d5ca39ef1?s=96&d=mm&r=g","url":"https:\/\/secure.gravatar.com\/avatar\/014a645f9f16d49aceddb25e316448c724bd78e7db0ee7a34c29417d5ca39ef1?s=96&d=mm&r=g","height":96,"width":96}},"publisher":{"@type":"Organization","name":"sanelo.cz","logo":{"@type":"ImageObject","@id":"\/logo.png","url":"\/logo.png","width":600,"height":60}},"image":{"@type":"ImageObject","@id":"https:\/\/www.sanelo.cz\/wp-content\/uploads\/img_a353487_w1772_t1568026074.jpg","url":"https:\/\/www.sanelo.cz\/wp-content\/uploads\/img_a353487_w1772_t1568026074.jpg","height":0,"width":0},"url":"https:\/\/www.sanelo.cz\/vyberte-si-tazne-pro-vuz-skoda-fabia\/","about":["Zbo\u017e\u00ed"],"wordCount":431,"articleBody":"         Vozy zna\u010dky \u0160koda jsou v \u010cesk\u00e9 republice velmi obl\u00edben\u00e9. Je to naprosto logick\u00e9, kdy\u017e se v t\u00e9to zemi vyr\u00e1b\u00ed. Krom\u011b modelu Octavia nab\u00edz\u00ed \u0160koda mnoho dal\u0161\u00edch model\u016f, kter\u00e9 dok\u00e1\u017eou zaujmout, jako je i model Fabia. A\u010dkoliv v sou\u010dasn\u00e9 dob\u011b se dost\u00e1v\u00e1 na trh ji\u017e \u010dtvrt\u00e1 generace, st\u00e1le mnoho lid\u00ed jezd\u00ed je\u0161t\u011b ve druh\u00e9, p\u0159\u00edpadn\u011b je\u0161t\u011b dokonce v prvn\u00ed generaci. Vozy t\u00e9to zna\u010dky a konkr\u00e9tn\u011b tento model poskytuje v\u0161e, co by mohl \u010dlov\u011bk cht\u00edt. Nejde jenom o pohodl\u00ed nebo j\u00edzdn\u00ed vlastnosti, ale tak\u00e9 t\u0159eba o to, \u017ee za vozy tohoto modelu je mo\u017en\u00e9 p\u0159ipojit p\u0159\u00edv\u011bsn\u00fd voz\u00edk. Ano, nebude to na tah\u00e1n\u00ed velk\u00e9ho n\u00e1kladu, av\u0161ak na z\u00e1kladn\u00ed pot\u0159eby je tohle \u0159e\u0161en\u00ed, kter\u00e9 vyu\u017eijete naplno. Jist\u011b se v\u0161ak pt\u00e1te, kde takov\u00e9 ta\u017en\u00e9 za\u0159\u00edzen\u00ed https:\/\/www.amsa.cz\/Fabia-II m\u016f\u017eete zakoupit? Je to jednoduch\u00e9, av\u0161ak dbejte na jednu radu \u2013 ta\u017en\u00e9 za\u0159\u00edzen\u00ed nakupujte na specializovan\u00e9m m\u00edst\u011b a nechejte si jej odborn\u011b namontovat.  P\u0159edejd\u011bte probl\u00e9m\u016fm se z\u00e1pisem do technick\u00e9ho pr\u016fkazu To, \u017ee v \u010cesk\u00e9 republice je probl\u00e9m s byrokraci\u00ed, to v\u00ed naprosto ka\u017ed\u00fd, kdo se n\u011bkdy s t\u00edmto probl\u00e9mem setkal. P\u0159\u00edkladem je t\u0159eba i zapisov\u00e1n\u00ed zm\u011bn do technick\u00e9ho pr\u016fkazu. Nen\u00ed to nic jednoduch\u00e9, a to zejm\u00e9na tehdy, kdy\u017e m\u00e1te co do\u010din\u011bn\u00ed s nep\u0159\u00edli\u0161 p\u0159\u00edjemn\u00fdm \u00fa\u0159edn\u00edkem. Jen si p\u0159edstavte, \u017ee byste cht\u011bli zapsat do technick\u00e9ho pr\u016fkazu n\u011bjakou zm\u011bnu na vozidle, kterou nem\u00e1te provedenou v opravn\u011b schv\u00e1len\u00e9 st\u00e1tem. M\u011bli byste s t\u00edm takov\u00fd probl\u00e9m, \u017ee by se v\u00e1m ani nevyplatilo do toho v\u0161eho vkl\u00e1dat sv\u016fj \u010das a n\u00e1mahu. Dejte si tu pr\u00e1ci a kupte si ta\u017en\u00e9 za\u0159\u00edzen\u00ed na vhodn\u00e9m m\u00edst\u011b a p\u0159edev\u0161\u00edm si jej nechejte n\u00e1sledn\u011b namontovat tam, kde je to t\u0159eba. D\u00edky tomu z\u00edsk\u00e1te mo\u017enost, \u017ee sv\u016fj nov\u00fd prvek na sv\u00e9m vozidle budete moci vyu\u017e\u00edt skute\u010dn\u011b naplno, a to bez sebemen\u0161\u00edch probl\u00e9m\u016f se z\u00e1konem. Ta\u017en\u00e9 za\u0159\u00edzen\u00ed je skv\u011bl\u00e9 a umo\u017e\u0148uje mnoho zaj\u00edmav\u00fdch mo\u017enost\u00ed, co s vozidlem d\u011blat, proto si nev\u00e1hejte sv\u016fj v\u016fz t\u00edmto zp\u016fsobem obohatit.                                                                                                                                                                                                                                                                                                                                                                                          3.7\/5 - (6 votes)        "},{"@context":"https:\/\/schema.org\/","@type":"BreadcrumbList","itemListElement":[{"@type":"ListItem","position":1,"name":"Vyberte si ta\u017en\u00e9 pro v\u016fz \u0160koda Fabia","item":"https:\/\/www.sanelo.cz\/vyberte-si-tazne-pro-vuz-skoda-fabia\/#breadcrumbitem"}]}]